{"id":602,"date":"2023-08-22T08:26:55","date_gmt":"2023-08-22T13:26:55","guid":{"rendered":"https:\/\/icono.com.co\/?p=602"},"modified":"2023-08-22T08:26:55","modified_gmt":"2023-08-22T13:26:55","slug":"descubre-lo-mejor-de-villa-de-leyva-experiencias-unicas-y-gastronomia-de-clase-mundial-en-icono","status":"publish","type":"post","link":"https:\/\/icono.com.co\/index.php\/2023\/08\/22\/descubre-lo-mejor-de-villa-de-leyva-experiencias-unicas-y-gastronomia-de-clase-mundial-en-icono\/","title":{"rendered":"Descubre lo Mejor de Villa de Leyva: Experiencias \u00danicas y Gastronom\u00eda de Clase Mundial en &#8220;Icono&#8221;"},"content":{"rendered":"\n<p>Si est\u00e1s buscando una experiencia tur\u00edstica completa en Villa de Leyva, est\u00e1s a punto de descubrir un lugar que combina la rica historia y cultura de esta hermosa ciudad con una propuesta gastron\u00f3mica de clase mundial. En el coraz\u00f3n de la emblem\u00e1tica Plaza Mayor, se alza &#8220;Icono&#8221;, mucho m\u00e1s que un simple restaurante, un gastro-bar que te invita a deleitarte con la esencia de la gastronom\u00eda boyacense con un toque espa\u00f1ol en un entorno espectacular.<\/p>\n\n\n\n<h2 class=\"wp-block-heading\"><strong>Sum\u00e9rgete en la Historia y Cultura de Villa de Leyva<\/strong><\/h2>\n\n\n\n<p>Villa de Leyva es conocida por su encanto hist\u00f3rico y su arquitectura colonial. \u00bfQu\u00e9 mejor manera de explorar su riqueza cultural que desde la Plaza Mayor misma? Aqu\u00ed, encontrar\u00e1s &#8220;Icono&#8221;, un gastro-bar que fusiona lo mejor de la gastronom\u00eda local con la esencia de la \u00e9poca colonial. Mientras disfrutas de tu comida o c\u00f3ctel en la terraza de &#8220;Icono&#8221;, podr\u00e1s absorber la belleza de la plaza central y las vistas que la rodean.<\/p>\n\n\n\n<h2 class=\"wp-block-heading\"><strong>Gastronom\u00eda que Cautiva los Sentidos<\/strong><\/h2>\n\n\n\n<p>&#8220;Icono&#8221; no es solo un lugar para comer, es una experiencia culinaria completa que te llevar\u00e1 a un viaje de sabores a trav\u00e9s de la historia y la cultura. Los chefs detr\u00e1s de &#8220;Icono&#8221; han dedicado su pasi\u00f3n y experiencia para rescatar los sabores tradicionales de Boyac\u00e1 y combinarlos con la esencia de la cocina espa\u00f1ola. Cada plato es una obra maestra que refleja la dedicaci\u00f3n a la autenticidad y la innovaci\u00f3n.<\/p>\n\n\n\n<h2 class=\"wp-block-heading\"><strong>Una Propuesta de Cocteler\u00eda \u00danica<\/strong><\/h2>\n\n\n\n<p>Adem\u00e1s de la deliciosa gastronom\u00eda, &#8220;Icono&#8221; se destaca por su propuesta de cocteler\u00eda \u00fanica. Desde c\u00f3cteles cl\u00e1sicos reinterpretados hasta creaciones innovadoras inspiradas en los ingredientes locales, cada bebida es una invitaci\u00f3n a saborear la pasi\u00f3n y la creatividad que se vierten en cada vaso. Los mix\u00f3logos de &#8220;Icono&#8221; han dise\u00f1ado una carta que complementa perfectamente la experiencia culinaria, ofreci\u00e9ndote una variedad de opciones para maridar con tus platos favoritos.<\/p>\n\n\n\n<h2 class=\"wp-block-heading\"><strong>La Terraza que Te Dejar\u00e1 Sin Palabras<\/strong><\/h2>\n\n\n\n<p>Ubicado en la terraza del Hotel Plaza Mayor, &#8220;Icono&#8221; te brinda vistas panor\u00e1micas inigualables de la ciudad y su entorno natural. Imagina disfrutar de una cena al aire libre, bajo el cielo estrellado de Villa de Leyva, mientras te sumerges en la atm\u00f3sfera m\u00e1gica de la plaza central. La terraza es m\u00e1s que un simple lugar para comer; es un espacio donde la historia, la cultura y la gastronom\u00eda se entrelazan para crear una experiencia \u00fanica.<\/p>\n\n\n\n<h2 class=\"wp-block-heading\"><strong>Una Invitaci\u00f3n a los Viajeros Curiosos<\/strong><\/h2>\n\n\n\n<p>Si eres un viajero que busca algo m\u00e1s que lo convencional, &#8220;Icono&#8221; te invita a unirte a una experiencia que celebra la autenticidad, la creatividad y la pasi\u00f3n por la gastronom\u00eda. Ya sea que est\u00e9s visitando Villa de Leyva por primera vez o que est\u00e9s regresando para explorar m\u00e1s a fondo, &#8220;Icono&#8221; te espera con los brazos abiertos y los sabores listos para cautivarte.<\/p>\n\n\n\n<h2 class=\"wp-block-heading\"><strong>Reserva tu Experiencia en &#8220;Icono&#8221;<\/strong><\/h2>\n\n\n\n<p>Si est\u00e1s listo para sumergirte en una experiencia gastron\u00f3mica \u00fanica en Villa de Leyva, te recomendamos reservar tu mesa en &#8220;Icono&#8221;. Ya sea para una cena rom\u00e1ntica, una reuni\u00f3n con amigos o simplemente para disfrutar de la belleza de la plaza central desde una perspectiva \u00fanica, &#8220;Icono&#8221; te ofrece una experiencia que fusiona lo mejor de Boyac\u00e1 y Espa\u00f1a en cada bocado y sorbo.<\/p>\n\n\n\n<h2 class=\"wp-block-heading\"><strong>Descubre &#8220;Icono&#8221;: Mucho M\u00e1s que un Gastro-Bar<\/strong><\/h2>\n\n\n\n<p>Cuando visitas &#8220;Icono&#8221;, no solo disfrutas de la deliciosa comida y las vistas panor\u00e1micas. Est\u00e1s experimentando la pasi\u00f3n por la gastronom\u00eda, la historia y la cultura que hacen de Villa de Leyva un destino verdaderamente especial. As\u00ed que, \u00bfest\u00e1s listo para vivir una experiencia que combina lo mejor de Boyac\u00e1 con la esencia de Espa\u00f1a? Te esperamos en &#8220;Icono&#8221;, el gastro-bar que te invita a disfrutar de una experiencia completa para tus sentidos.<\/p>\n","protected":false},"excerpt":{"rendered":"<p>Si est\u00e1s buscando una experiencia tur\u00edstica completa en Villa de Leyva, est\u00e1s a punto de descubrir un lugar que combina la rica historia y cultura de esta hermosa ciudad con una propuesta gastron\u00f3mica de clase mundial. En el coraz\u00f3n de la emblem\u00e1tica Plaza Mayor, se alza &#8220;Icono&#8221;, mucho m\u00e1s que un simple restaurante, un gastro-bar [&hellip;]<\/p>\n","protected":false},"author":2,"featured_media":521,"comment_status":"open","ping_status":"open","sticky":false,"template":"","format":"standard","meta":{"inline_featured_image":false},"categories":[1],"tags":[],"acf":[],"yoast_head":"<!-- This site is optimized with the Yoast SEO plugin v21.0 - https:\/\/yoast.com\/wordpress\/plugins\/seo\/ -->\n<title>Descubre lo Mejor de Villa de Leyva: Experiencias \u00danicas y Gastronom\u00eda de Clase Mundial en &quot;Icono&quot; - icono.com.co<\/title>\n<meta name=\"robots\" content=\"index, follow, max-snippet:-1, max-image-preview:large, max-video-preview:-1\" \/>\n<link rel=\"canonical\" href=\"https:\/\/icono.com.co\/index.php\/2023\/08\/22\/descubre-lo-mejor-de-villa-de-leyva-experiencias-unicas-y-gastronomia-de-clase-mundial-en-icono\/\" \/>\n<meta property=\"og:locale\" content=\"en_US\" \/>\n<meta property=\"og:type\" content=\"article\" \/>\n<meta property=\"og:title\" content=\"Descubre lo Mejor de Villa de Leyva: Experiencias \u00danicas y Gastronom\u00eda de Clase Mundial en &quot;Icono&quot; - icono.com.co\" \/>\n<meta property=\"og:description\" content=\"Si est\u00e1s buscando una experiencia tur\u00edstica completa en Villa de Leyva, est\u00e1s a punto de descubrir un lugar que combina la rica historia y cultura de esta hermosa ciudad con una propuesta gastron\u00f3mica de clase mundial. En el coraz\u00f3n de la emblem\u00e1tica Plaza Mayor, se alza &#8220;Icono&#8221;, mucho m\u00e1s que un simple restaurante, un gastro-bar [&hellip;]\" \/>\n<meta property=\"og:url\" content=\"https:\/\/icono.com.co\/index.php\/2023\/08\/22\/descubre-lo-mejor-de-villa-de-leyva-experiencias-unicas-y-gastronomia-de-clase-mundial-en-icono\/\" \/>\n<meta property=\"og:site_name\" content=\"icono.com.co\" \/>\n<meta property=\"article:published_time\" content=\"2023-08-22T13:26:55+00:00\" \/>\n<meta property=\"og:image\" content=\"https:\/\/icono.com.co\/wp-content\/uploads\/2023\/08\/terrazaIcono.webp\" \/>\n\t<meta property=\"og:image:width\" content=\"1920\" \/>\n\t<meta property=\"og:image:height\" content=\"1418\" \/>\n\t<meta property=\"og:image:type\" content=\"image\/webp\" \/>\n<meta name=\"author\" content=\"Camilo Gaitan\" \/>\n<meta name=\"twitter:card\" content=\"summary_large_image\" \/>\n<meta name=\"twitter:label1\" content=\"Written by\" \/>\n\t<meta name=\"twitter:data1\" content=\"Camilo Gaitan\" \/>\n\t<meta name=\"twitter:label2\" content=\"Est. reading time\" \/>\n\t<meta name=\"twitter:data2\" content=\"3 minutes\" \/>\n<script type=\"application\/ld+json\" class=\"yoast-schema-graph\">{\"@context\":\"https:\/\/schema.org\",\"@graph\":[{\"@type\":\"WebPage\",\"@id\":\"https:\/\/icono.com.co\/index.php\/2023\/08\/22\/descubre-lo-mejor-de-villa-de-leyva-experiencias-unicas-y-gastronomia-de-clase-mundial-en-icono\/\",\"url\":\"https:\/\/icono.com.co\/index.php\/2023\/08\/22\/descubre-lo-mejor-de-villa-de-leyva-experiencias-unicas-y-gastronomia-de-clase-mundial-en-icono\/\",\"name\":\"Descubre lo Mejor de Villa de Leyva: Experiencias \u00danicas y Gastronom\u00eda de Clase Mundial en \\\"Icono\\\" - icono.com.co\",\"isPartOf\":{\"@id\":\"https:\/\/icono.com.co\/#website\"},\"datePublished\":\"2023-08-22T13:26:55+00:00\",\"dateModified\":\"2023-08-22T13:26:55+00:00\",\"author\":{\"@id\":\"https:\/\/icono.com.co\/#\/schema\/person\/a4257787cc8d4a1704d59e5b0ade71a5\"},\"breadcrumb\":{\"@id\":\"https:\/\/icono.com.co\/index.php\/2023\/08\/22\/descubre-lo-mejor-de-villa-de-leyva-experiencias-unicas-y-gastronomia-de-clase-mundial-en-icono\/#breadcrumb\"},\"inLanguage\":\"en-US\",\"potentialAction\":[{\"@type\":\"ReadAction\",\"target\":[\"https:\/\/icono.com.co\/index.php\/2023\/08\/22\/descubre-lo-mejor-de-villa-de-leyva-experiencias-unicas-y-gastronomia-de-clase-mundial-en-icono\/\"]}]},{\"@type\":\"BreadcrumbList\",\"@id\":\"https:\/\/icono.com.co\/index.php\/2023\/08\/22\/descubre-lo-mejor-de-villa-de-leyva-experiencias-unicas-y-gastronomia-de-clase-mundial-en-icono\/#breadcrumb\",\"itemListElement\":[{\"@type\":\"ListItem\",\"position\":1,\"name\":\"Inicio\",\"item\":\"https:\/\/icono.com.co\/\"},{\"@type\":\"ListItem\",\"position\":2,\"name\":\"Descubre lo Mejor de Villa de Leyva: Experiencias \u00danicas y Gastronom\u00eda de Clase Mundial en &#8220;Icono&#8221;\"}]},{\"@type\":\"WebSite\",\"@id\":\"https:\/\/icono.com.co\/#website\",\"url\":\"https:\/\/icono.com.co\/\",\"name\":\"icono.com.co\",\"description\":\"\",\"potentialAction\":[{\"@type\":\"SearchAction\",\"target\":{\"@type\":\"EntryPoint\",\"urlTemplate\":\"https:\/\/icono.com.co\/?s={search_term_string}\"},\"query-input\":\"required name=search_term_string\"}],\"inLanguage\":\"en-US\"},{\"@type\":\"Person\",\"@id\":\"https:\/\/icono.com.co\/#\/schema\/person\/a4257787cc8d4a1704d59e5b0ade71a5\",\"name\":\"Camilo Gaitan\",\"image\":{\"@type\":\"ImageObject\",\"inLanguage\":\"en-US\",\"@id\":\"https:\/\/icono.com.co\/#\/schema\/person\/image\/\",\"url\":\"https:\/\/secure.gravatar.com\/avatar\/842a821bebde11369371fad6523faa63?s=96&d=mm&r=g\",\"contentUrl\":\"https:\/\/secure.gravatar.com\/avatar\/842a821bebde11369371fad6523faa63?s=96&d=mm&r=g\",\"caption\":\"Camilo Gaitan\"},\"url\":\"https:\/\/icono.com.co\/index.php\/author\/camilo09\/\"}]}<\/script>\n<!-- \/ Yoast SEO plugin. -->","yoast_head_json":{"title":"Descubre lo Mejor de Villa de Leyva: Experiencias \u00danicas y Gastronom\u00eda de Clase Mundial en \"Icono\" - icono.com.co","robots":{"index":"index","follow":"follow","max-snippet":"max-snippet:-1","max-image-preview":"max-image-preview:large","max-video-preview":"max-video-preview:-1"},"canonical":"https:\/\/icono.com.co\/index.php\/2023\/08\/22\/descubre-lo-mejor-de-villa-de-leyva-experiencias-unicas-y-gastronomia-de-clase-mundial-en-icono\/","og_locale":"en_US","og_type":"article","og_title":"Descubre lo Mejor de Villa de Leyva: Experiencias \u00danicas y Gastronom\u00eda de Clase Mundial en \"Icono\" - icono.com.co","og_description":"Si est\u00e1s buscando una experiencia tur\u00edstica completa en Villa de Leyva, est\u00e1s a punto de descubrir un lugar que combina la rica historia y cultura de esta hermosa ciudad con una propuesta gastron\u00f3mica de clase mundial. En el coraz\u00f3n de la emblem\u00e1tica Plaza Mayor, se alza &#8220;Icono&#8221;, mucho m\u00e1s que un simple restaurante, un gastro-bar [&hellip;]","og_url":"https:\/\/icono.com.co\/index.php\/2023\/08\/22\/descubre-lo-mejor-de-villa-de-leyva-experiencias-unicas-y-gastronomia-de-clase-mundial-en-icono\/","og_site_name":"icono.com.co","article_published_time":"2023-08-22T13:26:55+00:00","og_image":[{"width":1920,"height":1418,"url":"https:\/\/icono.com.co\/wp-content\/uploads\/2023\/08\/terrazaIcono.webp","type":"image\/webp"}],"author":"Camilo Gaitan","twitter_card":"summary_large_image","twitter_misc":{"Written by":"Camilo Gaitan","Est. reading time":"3 minutes"},"schema":{"@context":"https:\/\/schema.org","@graph":[{"@type":"WebPage","@id":"https:\/\/icono.com.co\/index.php\/2023\/08\/22\/descubre-lo-mejor-de-villa-de-leyva-experiencias-unicas-y-gastronomia-de-clase-mundial-en-icono\/","url":"https:\/\/icono.com.co\/index.php\/2023\/08\/22\/descubre-lo-mejor-de-villa-de-leyva-experiencias-unicas-y-gastronomia-de-clase-mundial-en-icono\/","name":"Descubre lo Mejor de Villa de Leyva: Experiencias \u00danicas y Gastronom\u00eda de Clase Mundial en \"Icono\" - icono.com.co","isPartOf":{"@id":"https:\/\/icono.com.co\/#website"},"datePublished":"2023-08-22T13:26:55+00:00","dateModified":"2023-08-22T13:26:55+00:00","author":{"@id":"https:\/\/icono.com.co\/#\/schema\/person\/a4257787cc8d4a1704d59e5b0ade71a5"},"breadcrumb":{"@id":"https:\/\/icono.com.co\/index.php\/2023\/08\/22\/descubre-lo-mejor-de-villa-de-leyva-experiencias-unicas-y-gastronomia-de-clase-mundial-en-icono\/#breadcrumb"},"inLanguage":"en-US","potentialAction":[{"@type":"ReadAction","target":["https:\/\/icono.com.co\/index.php\/2023\/08\/22\/descubre-lo-mejor-de-villa-de-leyva-experiencias-unicas-y-gastronomia-de-clase-mundial-en-icono\/"]}]},{"@type":"BreadcrumbList","@id":"https:\/\/icono.com.co\/index.php\/2023\/08\/22\/descubre-lo-mejor-de-villa-de-leyva-experiencias-unicas-y-gastronomia-de-clase-mundial-en-icono\/#breadcrumb","itemListElement":[{"@type":"ListItem","position":1,"name":"Inicio","item":"https:\/\/icono.com.co\/"},{"@type":"ListItem","position":2,"name":"Descubre lo Mejor de Villa de Leyva: Experiencias \u00danicas y Gastronom\u00eda de Clase Mundial en &#8220;Icono&#8221;"}]},{"@type":"WebSite","@id":"https:\/\/icono.com.co\/#website","url":"https:\/\/icono.com.co\/","name":"icono.com.co","description":"","potentialAction":[{"@type":"SearchAction","target":{"@type":"EntryPoint","urlTemplate":"https:\/\/icono.com.co\/?s={search_term_string}"},"query-input":"required name=search_term_string"}],"inLanguage":"en-US"},{"@type":"Person","@id":"https:\/\/icono.com.co\/#\/schema\/person\/a4257787cc8d4a1704d59e5b0ade71a5","name":"Camilo Gaitan","image":{"@type":"ImageObject","inLanguage":"en-US","@id":"https:\/\/icono.com.co\/#\/schema\/person\/image\/","url":"https:\/\/secure.gravatar.com\/avatar\/842a821bebde11369371fad6523faa63?s=96&d=mm&r=g","contentUrl":"https:\/\/secure.gravatar.com\/avatar\/842a821bebde11369371fad6523faa63?s=96&d=mm&r=g","caption":"Camilo Gaitan"},"url":"https:\/\/icono.com.co\/index.php\/author\/camilo09\/"}]}},"_links":{"self":[{"href":"https:\/\/icono.com.co\/index.php\/wp-json\/wp\/v2\/posts\/602"}],"collection":[{"href":"https:\/\/icono.com.co\/index.php\/wp-json\/wp\/v2\/posts"}],"about":[{"href":"https:\/\/icono.com.co\/index.php\/wp-json\/wp\/v2\/types\/post"}],"author":[{"embeddable":true,"href":"https:\/\/icono.com.co\/index.php\/wp-json\/wp\/v2\/users\/2"}],"replies":[{"embeddable":true,"href":"https:\/\/icono.com.co\/index.php\/wp-json\/wp\/v2\/comments?post=602"}],"version-history":[{"count":1,"href":"https:\/\/icono.com.co\/index.php\/wp-json\/wp\/v2\/posts\/602\/revisions"}],"predecessor-version":[{"id":603,"href":"https:\/\/icono.com.co\/index.php\/wp-json\/wp\/v2\/posts\/602\/revisions\/603"}],"wp:featuredmedia":[{"embeddable":true,"href":"https:\/\/icono.com.co\/index.php\/wp-json\/wp\/v2\/media\/521"}],"wp:attachment":[{"href":"https:\/\/icono.com.co\/index.php\/wp-json\/wp\/v2\/media?parent=602"}],"wp:term":[{"taxonomy":"category","embeddable":true,"href":"https:\/\/icono.com.co\/index.php\/wp-json\/wp\/v2\/categories?post=602"},{"taxonomy":"post_tag","embeddable":true,"href":"https:\/\/icono.com.co\/index.php\/wp-json\/wp\/v2\/tags?post=602"}],"curies":[{"name":"wp","href":"https:\/\/api.w.org\/{rel}","templated":true}]}}