{"id":565,"date":"2023-08-22T07:53:07","date_gmt":"2023-08-22T12:53:07","guid":{"rendered":"https:\/\/icono.com.co\/?p=565"},"modified":"2023-08-22T07:53:58","modified_gmt":"2023-08-22T12:53:58","slug":"descubre-una-experiencia-gastronomica-unica-en-el-corazon-de-villa-de-leyva-colombia","status":"publish","type":"post","link":"https:\/\/icono.com.co\/index.php\/2023\/08\/22\/descubre-una-experiencia-gastronomica-unica-en-el-corazon-de-villa-de-leyva-colombia\/","title":{"rendered":"Descubre una Experiencia Gastron\u00f3mica \u00danica en el Coraz\u00f3n de Villa de Leyva, Colombia"},"content":{"rendered":"\n<p>En el pintoresco rinc\u00f3n colonial de Villa de Leyva, Colombia, emerge un nuevo destino culinario que evoca el encanto de la \u00e9poca colonial mientras fusiona la riqueza gastron\u00f3mica de Boyac\u00e1 con las delicias de la cocina espa\u00f1ola. Es un honor presentar la inauguraci\u00f3n del Gastro-Bar Icono, ubicado en la terraza del prestigioso Hotel Plaza Mayor, justo en el coraz\u00f3n de la plaza central de esta hist\u00f3rica ciudad.<\/p>\n\n\n\n<h2 class=\"wp-block-heading\">Reviviendo la \u00e9poca de la colonia con un toque moderno<\/h2>\n\n\n\n<p>Icono es mucho m\u00e1s que un restaurante: es una experiencia sensorial que te transporta a trav\u00e9s de los sabores y aromas de una \u00e9poca pasada. En este exclusivo espacio, cada detalle ha sido cuidadosamente dise\u00f1ado para capturar la esencia de la colonia, desde la arquitectura hasta la decoraci\u00f3n. La combinaci\u00f3n de la tradici\u00f3n boyacense y la influencia espa\u00f1ola se manifiesta en cada plato, creando una experiencia culinaria aut\u00e9ntica y memorable.<\/p>\n\n\n\n<h2 class=\"wp-block-heading\">Cocina de fusi\u00f3n con identidad propia<\/h2>\n\n\n\n<p>Nuestro equipo de chefs apasionados trabaja incansablemente para rescatar y reinterpretar las recetas tradicionales de Boyac\u00e1, infundi\u00e9ndoles un toque contempor\u00e1neo que sorprender\u00e1 tu paladar. Desde deliciosos platos de papa criolla hasta suculentas carnes asadas, cada bocado es un viaje en el tiempo. Y para aquellos que buscan un toque de Espa\u00f1a, nuestra carta ofrece una variedad de tapas y platos emblem\u00e1ticos que rinden homenaje a la rica herencia culinaria ib\u00e9rica.<\/p>\n\n\n\n<h2 class=\"wp-block-heading\">Un rinc\u00f3n para los amantes de los licores y cocteles<\/h2>\n\n\n\n<p>En Icono, no solo celebramos la gastronom\u00eda, sino tambi\u00e9n el arte de la mixolog\u00eda. Nuestra propuesta en licores y cocteler\u00eda es una extensi\u00f3n de nuestra identidad, con creaciones \u00fanicas que reflejan la historia y la cultura del lugar. Desde c\u00f3cteles inspirados en los ingredientes locales hasta reinterpretaciones modernas de cl\u00e1sicos atemporales, cada bebida es una obra maestra l\u00edquida que complementa a la perfecci\u00f3n nuestros platos.<\/p>\n\n\n\n<h2 class=\"wp-block-heading\">Un entorno inigualable en el coraz\u00f3n de Villa de Leyva<\/h2>\n\n\n\n<p>Nuestro restaurante tiene la fortuna de estar ubicado en la terraza del renombrado Hotel Plaza Mayor, brind\u00e1ndote una vista panor\u00e1mica impresionante de la emblem\u00e1tica plaza central de Villa de Leyva. Imagina disfrutar de una cena bajo el cielo estrellado mientras el murmullo de la plaza y la arquitectura colonial crean un ambiente m\u00e1gico. Ya sea que est\u00e9s planeando una cena rom\u00e1ntica, una reuni\u00f3n familiar o simplemente desees deleitarte con una experiencia culinaria \u00fanica, Icono es el lugar perfecto.<\/p>\n\n\n\n<h2 class=\"wp-block-heading\">Una invitaci\u00f3n a los viajeros y gourmets<\/h2>\n\n\n\n<p>Si eres un viajero que busca sumergirse en la rica historia y cultura de Villa de Leyva o un amante de la gastronom\u00eda que anhela descubrir nuevas creaciones culinarias, te extendemos una c\u00e1lida bienvenida a Icono. Nuestra pasi\u00f3n por rescatar los sabores del pasado y presentarlos con un toque moderno nos convierte en una opci\u00f3n gastron\u00f3mica imperdible en tu visita a esta hermosa ciudad.<\/p>\n\n\n\n<h2 class=\"wp-block-heading\">Agenda tu visita y descubre el encanto de Icono<\/h2>\n\n\n\n<p>Ya sea que est\u00e9s alojado en el Hotel Plaza Mayor o simplemente deseas experimentar una cena excepcional en la plaza central de Villa de Leyva, te animamos a visitar Icono. Nuestro equipo est\u00e1 emocionado por recibirte y compartir contigo nuestra pasi\u00f3n por la comida, los licores y la historia. Te garantizamos una experiencia culinaria que quedar\u00e1 grabada en tu memoria mucho despu\u00e9s de haber dejado nuestra mesa.<\/p>\n\n\n\n<p>En Icono, no solo te invitamos a cenar; te invitamos a viajar en el tiempo a trav\u00e9s de la gastronom\u00eda, a brindar por la uni\u00f3n de tradiciones y a crear recuerdos inolvidables en uno de los lugares m\u00e1s emblem\u00e1ticos de Villa de Leyva. \u00a1Te esperamos con los brazos abiertos y los sabores de la colonia listos para cautivar tu paladar!<\/p>\n","protected":false},"excerpt":{"rendered":"<p>En el pintoresco rinc\u00f3n colonial de Villa de Leyva, Colombia, emerge un nuevo destino culinario que evoca el encanto de la \u00e9poca colonial mientras fusiona la riqueza gastron\u00f3mica de Boyac\u00e1 con las delicias de la cocina espa\u00f1ola. Es un honor presentar la inauguraci\u00f3n del Gastro-Bar Icono, ubicado en la terraza del prestigioso Hotel Plaza Mayor, [&hellip;]<\/p>\n","protected":false},"author":2,"featured_media":521,"comment_status":"open","ping_status":"open","sticky":false,"template":"","format":"standard","meta":{"inline_featured_image":false},"categories":[1],"tags":[],"acf":[],"yoast_head":"<!-- This site is optimized with the Yoast SEO plugin v21.0 - https:\/\/yoast.com\/wordpress\/plugins\/seo\/ -->\n<title>Descubre una Experiencia Gastron\u00f3mica \u00danica en el Coraz\u00f3n de Villa de Leyva, Colombia - icono.com.co<\/title>\n<meta name=\"robots\" content=\"index, follow, max-snippet:-1, max-image-preview:large, max-video-preview:-1\" \/>\n<link rel=\"canonical\" href=\"https:\/\/icono.com.co\/index.php\/2023\/08\/22\/descubre-una-experiencia-gastronomica-unica-en-el-corazon-de-villa-de-leyva-colombia\/\" \/>\n<meta property=\"og:locale\" content=\"en_US\" \/>\n<meta property=\"og:type\" content=\"article\" \/>\n<meta property=\"og:title\" content=\"Descubre una Experiencia Gastron\u00f3mica \u00danica en el Coraz\u00f3n de Villa de Leyva, Colombia - icono.com.co\" \/>\n<meta property=\"og:description\" content=\"En el pintoresco rinc\u00f3n colonial de Villa de Leyva, Colombia, emerge un nuevo destino culinario que evoca el encanto de la \u00e9poca colonial mientras fusiona la riqueza gastron\u00f3mica de Boyac\u00e1 con las delicias de la cocina espa\u00f1ola. Es un honor presentar la inauguraci\u00f3n del Gastro-Bar Icono, ubicado en la terraza del prestigioso Hotel Plaza Mayor, [&hellip;]\" \/>\n<meta property=\"og:url\" content=\"https:\/\/icono.com.co\/index.php\/2023\/08\/22\/descubre-una-experiencia-gastronomica-unica-en-el-corazon-de-villa-de-leyva-colombia\/\" \/>\n<meta property=\"og:site_name\" content=\"icono.com.co\" \/>\n<meta property=\"article:published_time\" content=\"2023-08-22T12:53:07+00:00\" \/>\n<meta property=\"article:modified_time\" content=\"2023-08-22T12:53:58+00:00\" \/>\n<meta property=\"og:image\" content=\"https:\/\/icono.com.co\/wp-content\/uploads\/2023\/08\/terrazaIcono.webp\" \/>\n\t<meta property=\"og:image:width\" content=\"1920\" \/>\n\t<meta property=\"og:image:height\" content=\"1418\" \/>\n\t<meta property=\"og:image:type\" content=\"image\/webp\" \/>\n<meta name=\"author\" content=\"Camilo Gaitan\" \/>\n<meta name=\"twitter:card\" content=\"summary_large_image\" \/>\n<meta name=\"twitter:label1\" content=\"Written by\" \/>\n\t<meta name=\"twitter:data1\" content=\"Camilo Gaitan\" \/>\n\t<meta name=\"twitter:label2\" content=\"Est. reading time\" \/>\n\t<meta name=\"twitter:data2\" content=\"3 minutes\" \/>\n<script type=\"application\/ld+json\" class=\"yoast-schema-graph\">{\"@context\":\"https:\/\/schema.org\",\"@graph\":[{\"@type\":\"WebPage\",\"@id\":\"https:\/\/icono.com.co\/index.php\/2023\/08\/22\/descubre-una-experiencia-gastronomica-unica-en-el-corazon-de-villa-de-leyva-colombia\/\",\"url\":\"https:\/\/icono.com.co\/index.php\/2023\/08\/22\/descubre-una-experiencia-gastronomica-unica-en-el-corazon-de-villa-de-leyva-colombia\/\",\"name\":\"Descubre una Experiencia Gastron\u00f3mica \u00danica en el Coraz\u00f3n de Villa de Leyva, Colombia - icono.com.co\",\"isPartOf\":{\"@id\":\"https:\/\/icono.com.co\/#website\"},\"datePublished\":\"2023-08-22T12:53:07+00:00\",\"dateModified\":\"2023-08-22T12:53:58+00:00\",\"author\":{\"@id\":\"https:\/\/icono.com.co\/#\/schema\/person\/a4257787cc8d4a1704d59e5b0ade71a5\"},\"breadcrumb\":{\"@id\":\"https:\/\/icono.com.co\/index.php\/2023\/08\/22\/descubre-una-experiencia-gastronomica-unica-en-el-corazon-de-villa-de-leyva-colombia\/#breadcrumb\"},\"inLanguage\":\"en-US\",\"potentialAction\":[{\"@type\":\"ReadAction\",\"target\":[\"https:\/\/icono.com.co\/index.php\/2023\/08\/22\/descubre-una-experiencia-gastronomica-unica-en-el-corazon-de-villa-de-leyva-colombia\/\"]}]},{\"@type\":\"BreadcrumbList\",\"@id\":\"https:\/\/icono.com.co\/index.php\/2023\/08\/22\/descubre-una-experiencia-gastronomica-unica-en-el-corazon-de-villa-de-leyva-colombia\/#breadcrumb\",\"itemListElement\":[{\"@type\":\"ListItem\",\"position\":1,\"name\":\"Inicio\",\"item\":\"https:\/\/icono.com.co\/\"},{\"@type\":\"ListItem\",\"position\":2,\"name\":\"Descubre una Experiencia Gastron\u00f3mica \u00danica en el Coraz\u00f3n de Villa de Leyva, Colombia\"}]},{\"@type\":\"WebSite\",\"@id\":\"https:\/\/icono.com.co\/#website\",\"url\":\"https:\/\/icono.com.co\/\",\"name\":\"icono.com.co\",\"description\":\"\",\"potentialAction\":[{\"@type\":\"SearchAction\",\"target\":{\"@type\":\"EntryPoint\",\"urlTemplate\":\"https:\/\/icono.com.co\/?s={search_term_string}\"},\"query-input\":\"required name=search_term_string\"}],\"inLanguage\":\"en-US\"},{\"@type\":\"Person\",\"@id\":\"https:\/\/icono.com.co\/#\/schema\/person\/a4257787cc8d4a1704d59e5b0ade71a5\",\"name\":\"Camilo Gaitan\",\"image\":{\"@type\":\"ImageObject\",\"inLanguage\":\"en-US\",\"@id\":\"https:\/\/icono.com.co\/#\/schema\/person\/image\/\",\"url\":\"https:\/\/secure.gravatar.com\/avatar\/842a821bebde11369371fad6523faa63?s=96&d=mm&r=g\",\"contentUrl\":\"https:\/\/secure.gravatar.com\/avatar\/842a821bebde11369371fad6523faa63?s=96&d=mm&r=g\",\"caption\":\"Camilo Gaitan\"},\"url\":\"https:\/\/icono.com.co\/index.php\/author\/camilo09\/\"}]}<\/script>\n<!-- \/ Yoast SEO plugin. -->","yoast_head_json":{"title":"Descubre una Experiencia Gastron\u00f3mica \u00danica en el Coraz\u00f3n de Villa de Leyva, Colombia - icono.com.co","robots":{"index":"index","follow":"follow","max-snippet":"max-snippet:-1","max-image-preview":"max-image-preview:large","max-video-preview":"max-video-preview:-1"},"canonical":"https:\/\/icono.com.co\/index.php\/2023\/08\/22\/descubre-una-experiencia-gastronomica-unica-en-el-corazon-de-villa-de-leyva-colombia\/","og_locale":"en_US","og_type":"article","og_title":"Descubre una Experiencia Gastron\u00f3mica \u00danica en el Coraz\u00f3n de Villa de Leyva, Colombia - icono.com.co","og_description":"En el pintoresco rinc\u00f3n colonial de Villa de Leyva, Colombia, emerge un nuevo destino culinario que evoca el encanto de la \u00e9poca colonial mientras fusiona la riqueza gastron\u00f3mica de Boyac\u00e1 con las delicias de la cocina espa\u00f1ola. Es un honor presentar la inauguraci\u00f3n del Gastro-Bar Icono, ubicado en la terraza del prestigioso Hotel Plaza Mayor, [&hellip;]","og_url":"https:\/\/icono.com.co\/index.php\/2023\/08\/22\/descubre-una-experiencia-gastronomica-unica-en-el-corazon-de-villa-de-leyva-colombia\/","og_site_name":"icono.com.co","article_published_time":"2023-08-22T12:53:07+00:00","article_modified_time":"2023-08-22T12:53:58+00:00","og_image":[{"width":1920,"height":1418,"url":"https:\/\/icono.com.co\/wp-content\/uploads\/2023\/08\/terrazaIcono.webp","type":"image\/webp"}],"author":"Camilo Gaitan","twitter_card":"summary_large_image","twitter_misc":{"Written by":"Camilo Gaitan","Est. reading time":"3 minutes"},"schema":{"@context":"https:\/\/schema.org","@graph":[{"@type":"WebPage","@id":"https:\/\/icono.com.co\/index.php\/2023\/08\/22\/descubre-una-experiencia-gastronomica-unica-en-el-corazon-de-villa-de-leyva-colombia\/","url":"https:\/\/icono.com.co\/index.php\/2023\/08\/22\/descubre-una-experiencia-gastronomica-unica-en-el-corazon-de-villa-de-leyva-colombia\/","name":"Descubre una Experiencia Gastron\u00f3mica \u00danica en el Coraz\u00f3n de Villa de Leyva, Colombia - icono.com.co","isPartOf":{"@id":"https:\/\/icono.com.co\/#website"},"datePublished":"2023-08-22T12:53:07+00:00","dateModified":"2023-08-22T12:53:58+00:00","author":{"@id":"https:\/\/icono.com.co\/#\/schema\/person\/a4257787cc8d4a1704d59e5b0ade71a5"},"breadcrumb":{"@id":"https:\/\/icono.com.co\/index.php\/2023\/08\/22\/descubre-una-experiencia-gastronomica-unica-en-el-corazon-de-villa-de-leyva-colombia\/#breadcrumb"},"inLanguage":"en-US","potentialAction":[{"@type":"ReadAction","target":["https:\/\/icono.com.co\/index.php\/2023\/08\/22\/descubre-una-experiencia-gastronomica-unica-en-el-corazon-de-villa-de-leyva-colombia\/"]}]},{"@type":"BreadcrumbList","@id":"https:\/\/icono.com.co\/index.php\/2023\/08\/22\/descubre-una-experiencia-gastronomica-unica-en-el-corazon-de-villa-de-leyva-colombia\/#breadcrumb","itemListElement":[{"@type":"ListItem","position":1,"name":"Inicio","item":"https:\/\/icono.com.co\/"},{"@type":"ListItem","position":2,"name":"Descubre una Experiencia Gastron\u00f3mica \u00danica en el Coraz\u00f3n de Villa de Leyva, Colombia"}]},{"@type":"WebSite","@id":"https:\/\/icono.com.co\/#website","url":"https:\/\/icono.com.co\/","name":"icono.com.co","description":"","potentialAction":[{"@type":"SearchAction","target":{"@type":"EntryPoint","urlTemplate":"https:\/\/icono.com.co\/?s={search_term_string}"},"query-input":"required name=search_term_string"}],"inLanguage":"en-US"},{"@type":"Person","@id":"https:\/\/icono.com.co\/#\/schema\/person\/a4257787cc8d4a1704d59e5b0ade71a5","name":"Camilo Gaitan","image":{"@type":"ImageObject","inLanguage":"en-US","@id":"https:\/\/icono.com.co\/#\/schema\/person\/image\/","url":"https:\/\/secure.gravatar.com\/avatar\/842a821bebde11369371fad6523faa63?s=96&d=mm&r=g","contentUrl":"https:\/\/secure.gravatar.com\/avatar\/842a821bebde11369371fad6523faa63?s=96&d=mm&r=g","caption":"Camilo Gaitan"},"url":"https:\/\/icono.com.co\/index.php\/author\/camilo09\/"}]}},"_links":{"self":[{"href":"https:\/\/icono.com.co\/index.php\/wp-json\/wp\/v2\/posts\/565"}],"collection":[{"href":"https:\/\/icono.com.co\/index.php\/wp-json\/wp\/v2\/posts"}],"about":[{"href":"https:\/\/icono.com.co\/index.php\/wp-json\/wp\/v2\/types\/post"}],"author":[{"embeddable":true,"href":"https:\/\/icono.com.co\/index.php\/wp-json\/wp\/v2\/users\/2"}],"replies":[{"embeddable":true,"href":"https:\/\/icono.com.co\/index.php\/wp-json\/wp\/v2\/comments?post=565"}],"version-history":[{"count":2,"href":"https:\/\/icono.com.co\/index.php\/wp-json\/wp\/v2\/posts\/565\/revisions"}],"predecessor-version":[{"id":567,"href":"https:\/\/icono.com.co\/index.php\/wp-json\/wp\/v2\/posts\/565\/revisions\/567"}],"wp:featuredmedia":[{"embeddable":true,"href":"https:\/\/icono.com.co\/index.php\/wp-json\/wp\/v2\/media\/521"}],"wp:attachment":[{"href":"https:\/\/icono.com.co\/index.php\/wp-json\/wp\/v2\/media?parent=565"}],"wp:term":[{"taxonomy":"category","embeddable":true,"href":"https:\/\/icono.com.co\/index.php\/wp-json\/wp\/v2\/categories?post=565"},{"taxonomy":"post_tag","embeddable":true,"href":"https:\/\/icono.com.co\/index.php\/wp-json\/wp\/v2\/tags?post=565"}],"curies":[{"name":"wp","href":"https:\/\/api.w.org\/{rel}","templated":true}]}}